[{"@context":"https:\/\/schema.org\/","@type":"Article","@id":"https:\/\/www.infosta.cz\/moje-stehovani\/#Article","mainEntityOfPage":"https:\/\/www.infosta.cz\/moje-stehovani\/","headline":"Moje st\u011bhov\u00e1n\u00ed","name":"Moje st\u011bhov\u00e1n\u00ed","description":"Pron\u00e1jem skladov\u00fdch kontejner\u016f je opravdu v\u00fdhodn\u00fd. J\u00e1 sama jsem t\u00e9to mo\u017enosti u\u017e dvakr\u00e1t vyu\u017eila. Proto\u017ee pron\u00e1jem skladov\u00fdch kontejner\u016f je takov\u00fd, \u017ee si je m\u016f\u017eete pronajmout \u00fapln\u011b na cokoliv a na jak dlouho chcete. Do t\u011bch pro najet\u00fdch kontejneru m\u016f\u017eete d\u00e1t opravdu cokoliv. J\u00e1 jsem tam d\u00e1vala v\u011bci, kdy\u017e jsem se st\u011bhovala pry\u010d. St\u011bhovala jsem se [&hellip;]","datePublished":"2022-07-11","dateModified":"2023-04-29","author":{"@type":"Person","@id":"https:\/\/www.infosta.cz\/author\/#Person","name":"","url":"https:\/\/www.infosta.cz\/author\/","identifier":1,"image":{"@type":"ImageObject","@id":"https:\/\/secure.gravatar.com\/avatar\/9d25b0af9840660883a67790aa4f595ddc226aa4680c4cf7bc03a25c14fcef85?s=96&d=mm&r=g","url":"https:\/\/secure.gravatar.com\/avatar\/9d25b0af9840660883a67790aa4f595ddc226aa4680c4cf7bc03a25c14fcef85?s=96&d=mm&r=g","height":96,"width":96}},"publisher":{"@type":"Organization","name":"infosta.cz","logo":{"@type":"ImageObject","@id":"\/logo.png","url":"\/logo.png","width":600,"height":60}},"image":{"@type":"ImageObject","@id":"https:\/\/www.infosta.cz\/wp-content\/uploads\/box-2064180_640_1.jpg","url":"https:\/\/www.infosta.cz\/wp-content\/uploads\/box-2064180_640_1.jpg","height":0,"width":0},"url":"https:\/\/www.infosta.cz\/moje-stehovani\/","about":["Business"],"wordCount":405,"articleBody":"       Pron\u00e1jem skladov\u00fdch kontejner\u016f je opravdu v\u00fdhodn\u00fd. J\u00e1 sama jsem t\u00e9to mo\u017enosti u\u017e dvakr\u00e1t vyu\u017eila. Proto\u017ee pron\u00e1jem skladov\u00fdch kontejner\u016f je takov\u00fd, \u017ee si je m\u016f\u017eete pronajmout \u00fapln\u011b na cokoliv a na jak dlouho chcete. Do t\u011bch pro najet\u00fdch kontejneru m\u016f\u017eete d\u00e1t opravdu cokoliv. J\u00e1 jsem tam d\u00e1vala v\u011bci, kdy\u017e jsem se st\u011bhovala pry\u010d. St\u011bhovala jsem se toti\u017e od m\u00e9ho p\u0159\u00edtele. Tak\u017ee pron\u00e1jem skladov\u00fdch kontejner\u016f byl pro m\u011b \u00fapln\u011b nejlep\u0161\u00ed volba. Je jasn\u00e9, \u017ee m\u016fj b\u00fdval\u00fd p\u0159\u00edtel mi s ni\u010d\u00edm nepom\u016f\u017ee. Proto\u017ee jak v\u0161ichni v\u00edme, tak exp\u0159\u00edtel je v\u017edycky ten nejhor\u0161\u00ed pro n\u00e1s. A j\u00e1 s t\u00edm mus\u00edm souhlasit. Se sv\u00fdm b\u00fdval\u00fdm p\u0159\u00edtelem si v\u016fbec nerozum\u00edm a po\u0159\u00e1d se jenom pomlouv\u00e1me. Tak\u017ee jsem byla r\u00e1da, \u017ee existuje mo\u017enost pron\u00e1jem skladov\u00fdch kontejner\u016f. Co nejrychleji jsem si od p\u0159\u00edtele do toho dala v\u0161echny v\u011bci. Dala jsem r\u00e1da, kdy\u017e mi kamar\u00e1d pomohl. Proto\u017ee nev\u00edm, jak bych t\u0159eba nosila velk\u00e9 sk\u0159\u00edn\u011b anebo t\u011b\u017ek\u00e9 krabice. J\u00e1 jsem toti\u017e m\u011bla malou knihovnu, ale bylo to opravdu moc t\u011b\u017ek\u00e9. Tak\u017ee jsem byl r\u00e1da, kdy\u017e mi kamar\u00e1d s t\u00edmto pomohl. Pron\u00e1jem skladov\u00fdch kontejner\u016f v\u00e1m taky mohu doporu\u010dit. Sice to je tro\u0161i\u010dku drah\u00e9, ale m\u00e1te jistotu, \u017ee se v\u00e1m nic neztrat\u00ed a za mal\u00fd p\u0159\u00edplatek nad taky firma v\u00e1\u0161 skladov\u00fd kontejner odveze. A odveze v\u00e1m ho k v\u00e1m dom\u016f.Anebo kamkoliv pot\u0159ebujete, proto\u017ee tato firma je velmi solidn\u00ed. J\u00e1 sama jsem si \u0159ekla, \u017ee kdybych ti je\u0161t\u011b pot\u0159ebovala pron\u00e1jem skladov\u00fdch kontejner\u016f, tak t\u00e9to nab\u00eddky samoz\u0159ejm\u011b vyu\u017eiji. Nav\u00edc si m\u016f\u017eete vybrat z n\u011bkolika velikosti a objemu. J\u00e1 jsem si vybrala samoz\u0159ejm\u011b ten nejv\u011bt\u0161\u00ed skladov\u00fd kontejner, kter\u00fd projmul asi v\u0161echny moje d\u016fle\u017eit\u00e9 v\u011bci. taky mi s n\u011b\u010d\u00edm je\u0161t\u011b pomohl kamar\u00e1d, t\u0159eba mi pomohl sv\u00fdm autem p\u0159em\u00edstit moje dva pejsky, proto\u017ee ty bych do kontejneru v\u00e1\u017en\u011b nedala. Nyn\u00ed jsem spokojen\u00e1 a jsem r\u00e1da, \u017ee u\u017e m\u00e1m od exp\u0159\u00edtele klid.                                                                                                                                                                                                                                                                                                                                                                                          4.2\/5 - (5 votes)        "},{"@context":"https:\/\/schema.org\/","@type":"BreadcrumbList","itemListElement":[{"@type":"ListItem","position":1,"name":"Moje st\u011bhov\u00e1n\u00ed","item":"https:\/\/www.infosta.cz\/moje-stehovani\/#breadcrumbitem"}]}]