[{"@context":"https:\/\/schema.org\/","@type":"Article","@id":"https:\/\/www.infosta.cz\/nohy-v-teple-stylove\/#Article","mainEntityOfPage":"https:\/\/www.infosta.cz\/nohy-v-teple-stylove\/","headline":"Nohy v teple stylov\u011b","name":"Nohy v teple stylov\u011b","description":"L\u00e9to u\u017e se s n\u00e1mi brzy nen\u00e1vratn\u011b rozlou\u010d\u00ed a na \u0159adu p\u0159ijde podzim, sychrav\u00e9 dny a de\u0161tiv\u00e9 po\u010das\u00ed, kter\u00e9 bude p\u0159edzv\u011bst\u00ed bl\u00ed\u017e\u00edc\u00ed se zimy. Na zimu se ov\u0161em moc lid\u00ed net\u011b\u0161\u00ed. I vy m\u00e1te r\u00e1di p\u0159\u00edjemn\u00e9 teplo a nesn\u00e1\u0161\u00edte zimu? Proto u\u017e se ka\u017ed\u00fd rok dop\u0159edu net\u011b\u0161\u00edte na mrazivou zimu a chladn\u00e9 dny? Pokud u [&hellip;]","datePublished":"2018-08-21","dateModified":"2023-04-29","author":{"@type":"Person","@id":"https:\/\/www.infosta.cz\/author\/#Person","name":"","url":"https:\/\/www.infosta.cz\/author\/","identifier":1,"image":{"@type":"ImageObject","@id":"https:\/\/secure.gravatar.com\/avatar\/9d25b0af9840660883a67790aa4f595ddc226aa4680c4cf7bc03a25c14fcef85?s=96&d=mm&r=g","url":"https:\/\/secure.gravatar.com\/avatar\/9d25b0af9840660883a67790aa4f595ddc226aa4680c4cf7bc03a25c14fcef85?s=96&d=mm&r=g","height":96,"width":96}},"publisher":{"@type":"Organization","name":"infosta.cz","logo":{"@type":"ImageObject","@id":"\/logo.png","url":"\/logo.png","width":600,"height":60}},"image":{"@type":"ImageObject","@id":"https:\/\/www.infosta.cz\/wp-content\/uploads\/img_a323537_w2063_t1535254728.jpg","url":"https:\/\/www.infosta.cz\/wp-content\/uploads\/img_a323537_w2063_t1535254728.jpg","height":0,"width":0},"url":"https:\/\/www.infosta.cz\/nohy-v-teple-stylove\/","wordCount":461,"articleBody":"L\u00e9to u\u017e se s n\u00e1mi brzy nen\u00e1vratn\u011b rozlou\u010d\u00ed a na \u0159adu p\u0159ijde podzim, sychrav\u00e9 dny a de\u0161tiv\u00e9 po\u010das\u00ed, kter\u00e9 bude p\u0159edzv\u011bst\u00ed bl\u00ed\u017e\u00edc\u00ed se zimy. Na zimu se ov\u0161em moc lid\u00ed net\u011b\u0161\u00ed. I vy m\u00e1te r\u00e1di p\u0159\u00edjemn\u00e9 teplo a nesn\u00e1\u0161\u00edte zimu? Proto u\u017e se ka\u017ed\u00fd rok dop\u0159edu net\u011b\u0161\u00edte na mrazivou zimu a chladn\u00e9 dny? Pokud u v\u00e1s doma top\u00edte v zim\u011b osto\u0161est, a p\u0159esto m\u00e1te studen\u00e9 nohy kv\u016fli neproh\u0159\u00e1t\u00e9 podlaze, pak to chce ten spr\u00e1vn\u00fd tepeln\u00fd dopln\u011bk pro va\u0161e nohy. A \u017ee v\u00e1m oby\u010dejn\u00e9 pono\u017eky nebo kombinace pono\u017eek a ba\u010dkor nesta\u010d\u00ed? Pak je tu pro v\u00e1s n\u011bco nov\u00e9ho, n\u00e1padit\u00e9ho a stylov\u00e9ho. T\u00edm skv\u011bl\u00fdm m\u00f3dn\u00edm dopl\u0148kem, kter\u00fd zah\u0159eje va\u0161e studen\u00e9 no\u017eky i v t\u00e9 nejmraziv\u011bj\u0161\u00ed zim\u011b jsou praktick\u00e9 a h\u0159ejiv\u00e9 pono\u017ekov\u00e9 papu\u010de. Po\u0159i\u010fte si stylov\u00e9 pono\u017ekov\u00e9 papu\u010de  a m\u011bjte nohy v teple po celou zimu. Skv\u011bl\u00fd n\u00e1pad na d\u00e1rek k V\u00e1noc\u016fm Co po\u0159\u00e1d nad\u011blovat k V\u00e1noc\u016fm\u2026Doch\u00e1z\u00ed v\u00e1m n\u00e1pady? Pokud tak\u00e9 sh\u00e1n\u00edte n\u011bjak\u00fd origin\u00e1ln\u00ed a praktick\u00fd d\u00e1rek pro n\u011bkoho k V\u00e1noc\u016fm, tak i pono\u017ekov\u00e9 papu\u010de mohou b\u00fdt skv\u011bl\u00fdm n\u00e1padem na takov\u00fd d\u00e1rek. Snad ka\u017ed\u00fd ho v chladn\u00fdch a sychrav\u00fdch dnech ocen\u00ed. Vyb\u00edrejte z r\u016fzn\u00fdch pestrobarevn\u00fdch proveden\u00ed, d\u00edky tomu tak pono\u017ekov\u00e9 papu\u010de nejen zah\u0159ej\u00ed, ale z\u00e1rove\u0148 tak\u00e9 rozvesel\u00ed d\u00edky pestr\u00fdm barv\u00e1m nebo vesel\u00fdm motiv\u016fm. M\u011bjte nohy v teple za ka\u017ed\u00e9 situace a ud\u011blejte si u v\u00e1s doma maxim\u00e1ln\u00ed pohodl\u00ed i v mraziv\u00fdch dnech. Pokud venkovn\u00ed teplota kles\u00e1 hluboko pod bod mrazu, u v\u00e1s doma m\u016f\u017eete m\u00edt p\u0159\u00edjemn\u00e9 teplou\u010dko vy i va\u0161e nohy. Za\u010dn\u011bte se i vy t\u011b\u0161it na zimu. Vybavte se na p\u0159\u00ed\u0161t\u00ed zimu t\u00edmto h\u0159ejiv\u00fdm m\u00f3dn\u00edm dopl\u0148kem, a t\u0159eskut\u00e1 zima ani mr\u00e1z u\u017e si na v\u00e1s nep\u0159ijde. Vy si tak budete moci doma u\u017e\u00edvat pohodl\u00ed a tepla t\u0159eba s \u0161\u00e1lkem obl\u00edben\u00e9ho \u010daje nebo k\u00e1vy a bude v\u00e1m tak teplo na t\u011ble i na du\u0161i. S n\u00e1padit\u00fdmi a stylov\u00fdmi pono\u017ekov\u00fdmi papu\u010demi u\u017e si na v\u00e1s zima nep\u0159ijde a t\u0159eba ji za\u010dnete m\u00edt i r\u00e1di, kdo v\u00ed.                                                                                                                                                                                                                                                                                                                                                                                         3.8\/5 - (10 votes)        "},{"@context":"https:\/\/schema.org\/","@type":"BreadcrumbList","itemListElement":[{"@type":"ListItem","position":1,"name":"Nohy v teple stylov\u011b","item":"https:\/\/www.infosta.cz\/nohy-v-teple-stylove\/#breadcrumbitem"}]}]