[{"@context":"https:\/\/schema.org\/","@type":"Article","@id":"https:\/\/www.infosta.cz\/uklid-v-kancelarich-i-domech\/#Article","mainEntityOfPage":"https:\/\/www.infosta.cz\/uklid-v-kancelarich-i-domech\/","headline":"\u00daklid v kancel\u00e1\u0159\u00edch i domech","name":"\u00daklid v kancel\u00e1\u0159\u00edch i domech","description":"Nab\u00edz\u00edme \u00faklidov\u00e9 slu\u017eby ve va\u0161\u00ed firm\u011b. Krom\u011b myt\u00ed a impregnaci podlah z jak\u00e9hokoliv materi\u00e1lu si m\u016f\u017eete objednat i myt\u00ed oken a \u017ealuzi\u00ed a \u010di\u0161t\u011bn\u00ed koberc\u016f Praha ve v\u0161ech kancel\u00e1\u0159\u00edch i v jin\u00fdch prostor\u00e1ch. Pou\u017e\u00edv\u00e1me nej\u00fa\u010dinn\u011bj\u0161\u00ed a nej\u0161etrn\u011bj\u0161\u00ed prost\u0159edky s n\u00edzkou hladinou pH, kter\u00e1 zanech\u00e1 vl\u00e1kna \u010dist\u00e1, hladk\u00e1 a jemn\u00e1. Na\u0161i pro\u0161kolen\u00ed zam\u011bstnanci si d\u00edky kvalitn\u00edm [&hellip;]","datePublished":"2024-11-25","dateModified":"2024-11-25","author":{"@type":"Person","@id":"https:\/\/www.infosta.cz\/author\/#Person","name":"","url":"https:\/\/www.infosta.cz\/author\/","identifier":1,"image":{"@type":"ImageObject","@id":"https:\/\/secure.gravatar.com\/avatar\/9d25b0af9840660883a67790aa4f595ddc226aa4680c4cf7bc03a25c14fcef85?s=96&d=mm&r=g","url":"https:\/\/secure.gravatar.com\/avatar\/9d25b0af9840660883a67790aa4f595ddc226aa4680c4cf7bc03a25c14fcef85?s=96&d=mm&r=g","height":96,"width":96}},"publisher":{"@type":"Organization","name":"infosta.cz","logo":{"@type":"ImageObject","@id":"\/logo.png","url":"\/logo.png","width":600,"height":60}},"url":"https:\/\/www.infosta.cz\/uklid-v-kancelarich-i-domech\/","wordCount":184,"articleBody":"Nab\u00edz\u00edme \u00faklidov\u00e9 slu\u017eby ve va\u0161\u00ed firm\u011b. Krom\u011b myt\u00ed a impregnaci podlah z jak\u00e9hokoliv materi\u00e1lu si m\u016f\u017eete objednat i myt\u00ed oken a \u017ealuzi\u00ed a \u010di\u0161t\u011bn\u00ed koberc\u016f Praha ve v\u0161ech kancel\u00e1\u0159\u00edch i v jin\u00fdch prostor\u00e1ch. Pou\u017e\u00edv\u00e1me nej\u00fa\u010dinn\u011bj\u0161\u00ed a nej\u0161etrn\u011bj\u0161\u00ed prost\u0159edky s n\u00edzkou hladinou pH, kter\u00e1 zanech\u00e1 vl\u00e1kna \u010dist\u00e1, hladk\u00e1 a jemn\u00e1. Na\u0161i pro\u0161kolen\u00ed zam\u011bstnanci si d\u00edky kvalitn\u00edm stroj\u016f a prost\u0159edk\u016fm porad\u00ed i se skvrnami. na prvn\u00edm m\u00edst\u011b je na\u0161e spokojenost. Zavolejte n\u00e1m kdykoliv 24 hodin denn\u011b v\u010detn\u011b v\u00edkend\u016f a sv\u00e1tk\u016f a domluvte si term\u00edn.\tNa\u0161im c\u00edlem je va\u0161e spokojenostNa\u0161im c\u00edlem je va\u0161e spokojenost! Objednejte si na\u0161e profesion\u00e1ln\u00ed \u00faklidov\u00e9 slu\u017eby a p\u0159esv\u011bd\u010dte se o kvalitn\u00edm proveden\u00ed v\u00e1mi vybran\u00fdch slu\u017eeb. Kontaktujte n\u00e1s kdykoliv 24 hodin denn\u011b v\u010detn\u011b v\u00edkend\u016f a sv\u00e1tk\u016f a domluvte si pro v\u00e1s vhodn\u00fd term\u00edn objedn\u00e1vky.                                                                                                                                                                                                                                                                                                                                                                                        4.2\/5 - (4 votes)        "},{"@context":"https:\/\/schema.org\/","@type":"BreadcrumbList","itemListElement":[{"@type":"ListItem","position":1,"name":"\u00daklid v kancel\u00e1\u0159\u00edch i domech","item":"https:\/\/www.infosta.cz\/uklid-v-kancelarich-i-domech\/#breadcrumbitem"}]}]